{"id":209,"date":"2021-05-18T10:16:37","date_gmt":"2021-05-18T10:16:37","guid":{"rendered":"https:\/\/www.foto3decommerce.com\/?p=209"},"modified":"2021-06-19T19:39:08","modified_gmt":"2021-06-19T19:39:08","slug":"approccio-ottimista-vs-approccio-positivo","status":"publish","type":"post","link":"https:\/\/www.foto3decommerce.com\/index.php\/2021\/05\/18\/approccio-ottimista-vs-approccio-positivo\/","title":{"rendered":"Approccio Ottimista vs Approccio Positivo"},"content":{"rendered":"\n<p class=\"wp-block-paragraph\">La differenza fra Ottimista e Positivo: l&#8217;ottimista pensa che andr\u00e0 tutto bene anche se non ha alcuno strumento per mandare le cose nel verso giusto mentre il positivo \u00e8 pi\u00f9 vicino al concetto di &#8220;non pessimista&#8221; perch\u00e8 guarda le cose per quelle che sono e non pensa che andranno male anche se non ha prove a sostegno di questo, tende pi\u00f9 a concentrarsi sul &#8220;cosa fare&#8221; piuttosto che sul impiegare tempo e risorse a pensare che andr\u00e0 male.<\/p>\n\n\n\n<p class=\"wp-block-paragraph\">Facciamo un esempio in linea coi tempi: sei stato a contatto con un positivo al Covid, e sai che potresti aver preso il virus. Sai anche che probabilmente, i sintomi, se arriveranno, lo faranno soprattutto fra il terzo e il quinto giorno dopo il contagio. A volte succede che arrivano anche dopo il settimo giorno, ma \u00e8 meno probabile.<\/p>\n\n\n\n<p class=\"wp-block-paragraph\">Un ottimista, continua a vivere la sua vita tranquillamente, perch\u00e8 pensa &#8220;sicuramente non l&#8217;ho preso e se l&#8217;ho preso, non avr\u00f2 sintomi&#8221; mentre una persona pessimista penser\u00e0 di averlo preso di sicuro e che i sintomi arriveranno e saranno gravi; vivr\u00e0 ogni giorno come l&#8217;ultimo e non considerer\u00e0 statistiche o esperienze altrui.<\/p>\n\n\n\n<p class=\"wp-block-paragraph\">Per\u00f2 fin qui, non cambia molto, entrambi non si informeranno sula disponibilit\u00e0 di terapie da seguire, sugli accorgimenti per evitare di attaccare il virus ad un&#8217;altra persona e non si prepareranno in nessun modo: il primo non cambier\u00e0 nulla perch\u00e8 penser\u00e0 che tutto andr\u00e0 bene (ignorando di fatto i tanti casi gravi in circolazione) e il secondo non far\u00e0 nulla perch\u00e8 sar\u00e0 bloccato dalla paura e si sentir\u00e0 schiacciato dalla situazione.<\/p>\n\n\n\n<p class=\"wp-block-paragraph\">L&#8217;approccio Positivo \u00e8 un approccio che <a rel=\"noreferrer noopener\" href=\"https:\/\/www.foto3decommerce.com\/index.php\/2021\/05\/16\/guardare-sempre-in-faccia-la-realta\/\" data-type=\"post\" data-id=\"129\" target=\"_blank\">guarda alle cose come stanno<\/a> si basa sulla resilienza e sulla forza di poter conoscere la verit\u00e0 senza perdere la capacit\u00e0 di reagire in maniera lucida, e in un caso come quello ipotizzato sopra, cio\u00e8 il contatto stretto con persone positive al Covid, cercher\u00e0 di mantenere autocontrollo e lucidit\u00e0, di informarsi per capire cosa \u00e8 possibile fare per prepararsi, come monitorare i sintomi da osservare e come proteggere le persone che ha intorno.<\/p>\n\n\n\n<p class=\"wp-block-paragraph\">Prepararsi, significa andare anche oltre al solo approccio Positivo, ma cercare di capire le possibilit\u00e0 di infettarsi (se si vive in citt\u00e0 e si prendono tutti i giorni i mezzi pubblici forse l&#8217;informazione \u00e8 pi\u00f9 necessaria rispetto ad una persona che vive in campagna o isolato) e in base a queste, si pu\u00f2 decidere di informarsi preventivamente e preparasi al meglio, iniziando da alcune cose pi\u00f9 semplici e utili (ad esempio munirsi di strumenti come un pulsossimetro o un termometro per la temperatura corporea) e decidere come comportarsi nel caso una persona in famiglia fosse positiva. Un ottimista non si munirebbe di nulla e non deciderebbe alcuna procedura operativa, mentre un pessimista comprerebbe tutto ci\u00f2 di cui potrebbe, nel caso, avere bisogno, anche pi\u00f9 di quanto gli serve (compra per gestire l&#8217;ansia e la preoccupazione, non perch\u00e8 una cosa gli possa servire nel caso avverso) e vive tappato in casa o gi\u00e0 in quarantena come se una persona della famiglia fosse gi\u00e0 infetta.<\/p>\n\n\n\n<p class=\"wp-block-paragraph\"><\/p>\n","protected":false},"excerpt":{"rendered":"<p>La differenza fra Ottimista e Positivo: l&#8217;ottimista pensa che andr\u00e0 tutto bene anche se non ha alcuno strumento per mandare le cose nel verso giusto mentre il positivo \u00e8 pi\u00f9 vicino al concetto di &#8220;non pessimista&#8221; perch\u00e8 guarda le cose per quelle che sono e non pensa che andranno male anche se non ha prove &hellip; <\/p>\n","protected":false},"author":1,"featured_media":210,"comment_status":"open","ping_status":"open","sticky":false,"template":"","format":"standard","meta":{"footnotes":""},"categories":[17],"tags":[20],"class_list":["post-209","post","type-post","status-publish","format-standard","has-post-thumbnail","hentry","category-riflessioni-su-insegnamenti","tag-copiato-in-app-p-spunti-educativi"],"_links":{"self":[{"href":"https:\/\/www.foto3decommerce.com\/index.php\/wp-json\/wp\/v2\/posts\/209","targetHints":{"allow":["GET"]}}],"collection":[{"href":"https:\/\/www.foto3decommerce.com\/index.php\/wp-json\/wp\/v2\/posts"}],"about":[{"href":"https:\/\/www.foto3decommerce.com\/index.php\/wp-json\/wp\/v2\/types\/post"}],"author":[{"embeddable":true,"href":"https:\/\/www.foto3decommerce.com\/index.php\/wp-json\/wp\/v2\/users\/1"}],"replies":[{"embeddable":true,"href":"https:\/\/www.foto3decommerce.com\/index.php\/wp-json\/wp\/v2\/comments?post=209"}],"version-history":[{"count":3,"href":"https:\/\/www.foto3decommerce.com\/index.php\/wp-json\/wp\/v2\/posts\/209\/revisions"}],"predecessor-version":[{"id":214,"href":"https:\/\/www.foto3decommerce.com\/index.php\/wp-json\/wp\/v2\/posts\/209\/revisions\/214"}],"wp:featuredmedia":[{"embeddable":true,"href":"https:\/\/www.foto3decommerce.com\/index.php\/wp-json\/wp\/v2\/media\/210"}],"wp:attachment":[{"href":"https:\/\/www.foto3decommerce.com\/index.php\/wp-json\/wp\/v2\/media?parent=209"}],"wp:term":[{"taxonomy":"category","embeddable":true,"href":"https:\/\/www.foto3decommerce.com\/index.php\/wp-json\/wp\/v2\/categories?post=209"},{"taxonomy":"post_tag","embeddable":true,"href":"https:\/\/www.foto3decommerce.com\/index.php\/wp-json\/wp\/v2\/tags?post=209"}],"curies":[{"name":"wp","href":"https:\/\/api.w.org\/{rel}","templated":true}]}}