{"id":158,"date":"2021-05-16T19:00:12","date_gmt":"2021-05-16T19:00:12","guid":{"rendered":"https:\/\/www.foto3decommerce.com\/?p=158"},"modified":"2021-06-20T12:21:25","modified_gmt":"2021-06-20T12:21:25","slug":"non-riesco-a-farlo-come-gestirlo","status":"publish","type":"post","link":"https:\/\/www.foto3decommerce.com\/index.php\/2021\/05\/16\/non-riesco-a-farlo-come-gestirlo\/","title":{"rendered":"&#8220;Non riesco a farlo&#8221;: come gestirlo"},"content":{"rendered":"\n<p class=\"wp-block-paragraph\">\u201cNon posso farlo\u201d o \u201cnon so farlo\u201d dovrebbe diventare \u201ccome posso farlo?\u201d \u00e8 come dire \u201cnon posso permettermelo\u201d invece dovresti dire \u201ccome posso permettermelo?\u201d =&gt; non \u00e8 che ogni cosa \u00e8 possibile ma l\u2019atteggiamento deve essere tendente a capire come si pu\u00f2 fare qualcosa, mentre quando dici \u201cnon posso farlo\u201d stai gi\u00e0 dicendo che non c\u2019\u00e8 niente da fare, finisce tutto l\u00ec.<\/p>\n\n\n\n<p class=\"wp-block-paragraph\"><strong>Come insegni allora ad accettare i propri limiti? Ragionando cos\u00ec non ci sar\u00e0 mai un limite e non capir\u00e0 quando fermarsi davvero.<\/strong><\/p>\n\n\n\n<p class=\"wp-block-paragraph\">Io voglio riuscire a correre di pi\u00f9, dopo 1 minuto e mezzo sono spompato. Io posso dire non posso farlo, sono fatto cos\u00ec, dentro mi rimane per\u00f2 la volont\u00e0 di correre pi\u00f9 veloce per pi\u00f9 tempo. Io posso convincermi di non essere cos\u00ec, perch\u00e9 essere cos\u00ec va bene lo stesso. Oppure posso dire mi impegno e vedo dove arrivo. La risposta alla domanda: \u201cfaccio fatica o lascio perdere?\u201d dovrebbe essere \u201cquanto mi interessa arrivare a quell\u2019obiettivo\u201d. Ad un certo punto arriver\u00f2 ad&nbsp; un livello di fatica tot \u201cquanto mi va di fare fatica per raggiungere quell\u2019obiettivo\u201d. Non quanto mi va in quello specifico momento, ma quanto \u00e8 importante raggiungere quell\u2019obiettivo. Se poi in quella strada sento ad un certo punto che mi pesa troppo e allora significa che ho terminato. All\u2019inizio potrebbe anche essere che non gli vada e deve lui capire se non gli va proprio o se invece non gli va perch\u00e9 non ha voglia di impegnarsi e molla fin da subito.&nbsp;<\/p>\n","protected":false},"excerpt":{"rendered":"<p>\u201cNon posso farlo\u201d o \u201cnon so farlo\u201d dovrebbe diventare \u201ccome posso farlo?\u201d \u00e8 come dire \u201cnon posso permettermelo\u201d invece dovresti dire \u201ccome posso permettermelo?\u201d =&gt; non \u00e8 che ogni cosa \u00e8 possibile ma l\u2019atteggiamento deve essere tendente a capire come si pu\u00f2 fare qualcosa, mentre quando dici \u201cnon posso farlo\u201d stai gi\u00e0 dicendo che non &hellip; <\/p>\n","protected":false},"author":1,"featured_media":0,"comment_status":"open","ping_status":"open","sticky":false,"template":"","format":"standard","meta":{"footnotes":""},"categories":[16],"tags":[20],"class_list":["post-158","post","type-post","status-publish","format-standard","hentry","category-riflessioni-sul-proprio-stile-educativo","tag-copiato-in-app-p-spunti-educativi"],"_links":{"self":[{"href":"https:\/\/www.foto3decommerce.com\/index.php\/wp-json\/wp\/v2\/posts\/158","targetHints":{"allow":["GET"]}}],"collection":[{"href":"https:\/\/www.foto3decommerce.com\/index.php\/wp-json\/wp\/v2\/posts"}],"about":[{"href":"https:\/\/www.foto3decommerce.com\/index.php\/wp-json\/wp\/v2\/types\/post"}],"author":[{"embeddable":true,"href":"https:\/\/www.foto3decommerce.com\/index.php\/wp-json\/wp\/v2\/users\/1"}],"replies":[{"embeddable":true,"href":"https:\/\/www.foto3decommerce.com\/index.php\/wp-json\/wp\/v2\/comments?post=158"}],"version-history":[{"count":1,"href":"https:\/\/www.foto3decommerce.com\/index.php\/wp-json\/wp\/v2\/posts\/158\/revisions"}],"predecessor-version":[{"id":159,"href":"https:\/\/www.foto3decommerce.com\/index.php\/wp-json\/wp\/v2\/posts\/158\/revisions\/159"}],"wp:attachment":[{"href":"https:\/\/www.foto3decommerce.com\/index.php\/wp-json\/wp\/v2\/media?parent=158"}],"wp:term":[{"taxonomy":"category","embeddable":true,"href":"https:\/\/www.foto3decommerce.com\/index.php\/wp-json\/wp\/v2\/categories?post=158"},{"taxonomy":"post_tag","embeddable":true,"href":"https:\/\/www.foto3decommerce.com\/index.php\/wp-json\/wp\/v2\/tags?post=158"}],"curies":[{"name":"wp","href":"https:\/\/api.w.org\/{rel}","templated":true}]}}