{"id":154,"date":"2021-05-16T18:58:06","date_gmt":"2021-05-16T18:58:06","guid":{"rendered":"https:\/\/www.foto3decommerce.com\/?p=154"},"modified":"2021-05-16T18:58:07","modified_gmt":"2021-05-16T18:58:07","slug":"non-spostarmi","status":"publish","type":"post","link":"https:\/\/www.foto3decommerce.com\/index.php\/2021\/05\/16\/non-spostarmi\/","title":{"rendered":"Non spostarmi"},"content":{"rendered":"\n<p class=\"wp-block-paragraph\">Gestire i bambini piccoli \u00e8 complesso, soprattutto intorno ai due anni, quando ancora il bambino non comprende regole e limiti. Capita quindi che sia estenuante dover stare dietro ad un bambino piccolo durante tutta la giornata. Il bambino \u00e8 curioso e pi\u00f9 un oggetto \u00e8 vietato, pi\u00f9 il bambino lo desidera. Anche se per\u00f2 siamo di fretta e siamo irritate dobbiamo evitare di prenderlo a forza e spostarlo, a meno che non ci sia un grave pericolo imminente. Questo perch\u00e9 il bambino sta acquisendo fiducia in s\u00e9 e ha bisogno che l&#8217;adulto dia piena fiducia a lui, gli si rivolga con calma, anche nei movimenti oltre che nelle parole. Inoltre, se lo si sposta con poca delicatezza, non gli si spiega, ma si scatena un&#8217; ulteriore aggressivit\u00e0, un pianto disperato e lo si fa sentire piccolo, quasi umiliato. Spostare il bambino lo fa sentire piccolo [continuare]<\/p>\n","protected":false},"excerpt":{"rendered":"<p>Gestire i bambini piccoli \u00e8 complesso, soprattutto intorno ai due anni, quando ancora il bambino non comprende regole e limiti. Capita quindi che sia estenuante dover stare dietro ad un bambino piccolo durante tutta la giornata. Il bambino \u00e8 curioso e pi\u00f9 un oggetto \u00e8 vietato, pi\u00f9 il bambino lo desidera. Anche se per\u00f2 siamo &hellip; <\/p>\n","protected":false},"author":1,"featured_media":0,"comment_status":"open","ping_status":"open","sticky":false,"template":"","format":"standard","meta":{"footnotes":""},"categories":[16],"tags":[],"class_list":["post-154","post","type-post","status-publish","format-standard","hentry","category-riflessioni-sul-proprio-stile-educativo"],"_links":{"self":[{"href":"https:\/\/www.foto3decommerce.com\/index.php\/wp-json\/wp\/v2\/posts\/154","targetHints":{"allow":["GET"]}}],"collection":[{"href":"https:\/\/www.foto3decommerce.com\/index.php\/wp-json\/wp\/v2\/posts"}],"about":[{"href":"https:\/\/www.foto3decommerce.com\/index.php\/wp-json\/wp\/v2\/types\/post"}],"author":[{"embeddable":true,"href":"https:\/\/www.foto3decommerce.com\/index.php\/wp-json\/wp\/v2\/users\/1"}],"replies":[{"embeddable":true,"href":"https:\/\/www.foto3decommerce.com\/index.php\/wp-json\/wp\/v2\/comments?post=154"}],"version-history":[{"count":1,"href":"https:\/\/www.foto3decommerce.com\/index.php\/wp-json\/wp\/v2\/posts\/154\/revisions"}],"predecessor-version":[{"id":155,"href":"https:\/\/www.foto3decommerce.com\/index.php\/wp-json\/wp\/v2\/posts\/154\/revisions\/155"}],"wp:attachment":[{"href":"https:\/\/www.foto3decommerce.com\/index.php\/wp-json\/wp\/v2\/media?parent=154"}],"wp:term":[{"taxonomy":"category","embeddable":true,"href":"https:\/\/www.foto3decommerce.com\/index.php\/wp-json\/wp\/v2\/categories?post=154"},{"taxonomy":"post_tag","embeddable":true,"href":"https:\/\/www.foto3decommerce.com\/index.php\/wp-json\/wp\/v2\/tags?post=154"}],"curies":[{"name":"wp","href":"https:\/\/api.w.org\/{rel}","templated":true}]}}