{"id":152,"date":"2021-05-16T18:45:28","date_gmt":"2021-05-16T18:45:28","guid":{"rendered":"https:\/\/www.foto3decommerce.com\/?p=152"},"modified":"2021-05-16T18:45:29","modified_gmt":"2021-05-16T18:45:29","slug":"le-interazioni-tra-fratelli-come-insegnare-a-comunicare","status":"publish","type":"post","link":"https:\/\/www.foto3decommerce.com\/index.php\/2021\/05\/16\/le-interazioni-tra-fratelli-come-insegnare-a-comunicare\/","title":{"rendered":"Le interazioni tra fratelli: come insegnare a comunicare"},"content":{"rendered":"\n<p class=\"wp-block-paragraph\">cmq sentendo i bambini interagire, sento che Leo \u00e8 petulante anche col fratello, sta sempre a chiamare &#8220;giacomo&#8221; m\u00f2 gli ho chiesto &#8220;perch\u00e8 lo chiamavi?&#8221; salivano le scale &#8220;eh non lo vedevo&#8221; ho detto &#8220;ma pensi di perdertelo?&#8221; dice &#8220;no ma non arrivava&#8221; ho detto &#8220;ho capito lascia che arrivi con calma&#8221;<\/p>\n\n\n\n<p class=\"wp-block-paragraph\">prima continuava &#8220;no giacomo! basta&#8221; gli ho detto &#8220;nonho modo ora cos\u00ec su due piedi di spiegarti ma ti dico che quello non \u00e8 il modo migliore per convincere qualcuno a fare ci\u00f2 che chiediamo, quindi intanto non farlo cos\u00ec, poi quando ci sar\u00e0 modo di spiegher\u00f2 un p\u00f2 di cose&#8221; \ud83d\ude42<\/p>\n\n\n\n<p class=\"wp-block-paragraph\">per\u00f2 se deve chiedergli &#8220;non fare quesot&#8221; o &#8220;fai quello&#8221; indipendentemnete dal fatto che sia giusto o meno che lui lo chieda, o che gli chieda di fare o di non fare cose giuste, non \u00e8 quello il modo per ottenere un risultato diverso da innervosire chi lo ascolta<\/p>\n","protected":false},"excerpt":{"rendered":"<p>cmq sentendo i bambini interagire, sento che Leo \u00e8 petulante anche col fratello, sta sempre a chiamare &#8220;giacomo&#8221; m\u00f2 gli ho chiesto &#8220;perch\u00e8 lo chiamavi?&#8221; salivano le scale &#8220;eh non lo vedevo&#8221; ho detto &#8220;ma pensi di perdertelo?&#8221; dice &#8220;no ma non arrivava&#8221; ho detto &#8220;ho capito lascia che arrivi con calma&#8221; prima continuava &#8220;no &hellip; <\/p>\n","protected":false},"author":1,"featured_media":0,"comment_status":"open","ping_status":"open","sticky":false,"template":"","format":"standard","meta":{"footnotes":""},"categories":[16],"tags":[],"class_list":["post-152","post","type-post","status-publish","format-standard","hentry","category-riflessioni-sul-proprio-stile-educativo"],"_links":{"self":[{"href":"https:\/\/www.foto3decommerce.com\/index.php\/wp-json\/wp\/v2\/posts\/152","targetHints":{"allow":["GET"]}}],"collection":[{"href":"https:\/\/www.foto3decommerce.com\/index.php\/wp-json\/wp\/v2\/posts"}],"about":[{"href":"https:\/\/www.foto3decommerce.com\/index.php\/wp-json\/wp\/v2\/types\/post"}],"author":[{"embeddable":true,"href":"https:\/\/www.foto3decommerce.com\/index.php\/wp-json\/wp\/v2\/users\/1"}],"replies":[{"embeddable":true,"href":"https:\/\/www.foto3decommerce.com\/index.php\/wp-json\/wp\/v2\/comments?post=152"}],"version-history":[{"count":1,"href":"https:\/\/www.foto3decommerce.com\/index.php\/wp-json\/wp\/v2\/posts\/152\/revisions"}],"predecessor-version":[{"id":153,"href":"https:\/\/www.foto3decommerce.com\/index.php\/wp-json\/wp\/v2\/posts\/152\/revisions\/153"}],"wp:attachment":[{"href":"https:\/\/www.foto3decommerce.com\/index.php\/wp-json\/wp\/v2\/media?parent=152"}],"wp:term":[{"taxonomy":"category","embeddable":true,"href":"https:\/\/www.foto3decommerce.com\/index.php\/wp-json\/wp\/v2\/categories?post=152"},{"taxonomy":"post_tag","embeddable":true,"href":"https:\/\/www.foto3decommerce.com\/index.php\/wp-json\/wp\/v2\/tags?post=152"}],"curies":[{"name":"wp","href":"https:\/\/api.w.org\/{rel}","templated":true}]}}